{"id":332,"date":"2026-05-04T19:42:45","date_gmt":"2026-05-04T18:42:45","guid":{"rendered":"https:\/\/www.kompenzacni-pomucky-rieger.cz\/?p=332"},"modified":"2026-05-11T20:43:09","modified_gmt":"2026-05-11T19:43:09","slug":"firemni-dovolena","status":"publish","type":"post","link":"https:\/\/www.kompenzacni-pomucky-rieger.cz\/index.php\/2026\/05\/04\/firemni-dovolena\/","title":{"rendered":"Letn\u00ed firemn\u00ed dovolen\u00e1"},"content":{"rendered":"\n<p class=\"wp-block-paragraph\">Letn\u00ed firemn\u00ed dovolen\u00e1, kdy bude provoz p\u016fj\u010dovny p\u0159eru\u0161en, je napl\u00e1nov\u00e1na v term\u00ednu od 31.7.2026 do 16.8.2026. Po tuto dobu nebude poskytov\u00e1n b\u011b\u017en\u00fd rozvoz a svoz pom\u016fcek. V nal\u00e9hav\u00fdch p\u0159\u00edpadech (poruchy apod.) je mo\u017en\u00e9 se s n\u00e1mi kontaktovat pomoc\u00ed telefonn\u00edho \u010d\u00edsla +420 604 400 499 nebo emailu pomucky.jbc@seznam.cz. <\/p>\n\n\n\n<p class=\"wp-block-paragraph\"><\/p>\n\n\n\n<p class=\"wp-block-paragraph\">P\u0159ejeme v\u00e1m klidn\u00e9 pro\u017eit\u00ed letn\u00edch m\u011bs\u00edc\u016f.  <\/p>\n","protected":false},"excerpt":{"rendered":"<p>Letn\u00ed firemn\u00ed dovolen\u00e1, kdy bude provoz p\u016fj\u010dovny p\u0159eru\u0161en, je napl\u00e1nov\u00e1na v term\u00ednu od 31.7.2026 do 16.8.2026. Po tuto dobu nebude poskytov\u00e1n b\u011b\u017en\u00fd rozvoz a svoz pom\u016fcek. V nal\u00e9hav\u00fdch p\u0159\u00edpadech (poruchy apod.) je mo\u017en\u00e9 se s n\u00e1mi kontaktovat pomoc\u00ed telefonn\u00edho \u010d\u00edsla +420 604 400 499 nebo emailu pomucky.jbc@seznam.cz. P\u0159ejeme v\u00e1m klidn\u00e9 pro\u017eit\u00ed letn\u00edch m\u011bs\u00edc\u016f.<\/p>\n","protected":false},"author":1,"featured_media":0,"comment_status":"closed","ping_status":"closed","sticky":false,"template":"","format":"standard","meta":{"hide_page_title":"","footnotes":""},"categories":[1],"tags":[],"class_list":["post-332","post","type-post","status-publish","format-standard","hentry","category-uncategorized"],"_links":{"self":[{"href":"https:\/\/www.kompenzacni-pomucky-rieger.cz\/index.php\/wp-json\/wp\/v2\/posts\/332","targetHints":{"allow":["GET"]}}],"collection":[{"href":"https:\/\/www.kompenzacni-pomucky-rieger.cz\/index.php\/wp-json\/wp\/v2\/posts"}],"about":[{"href":"https:\/\/www.kompenzacni-pomucky-rieger.cz\/index.php\/wp-json\/wp\/v2\/types\/post"}],"author":[{"embeddable":true,"href":"https:\/\/www.kompenzacni-pomucky-rieger.cz\/index.php\/wp-json\/wp\/v2\/users\/1"}],"replies":[{"embeddable":true,"href":"https:\/\/www.kompenzacni-pomucky-rieger.cz\/index.php\/wp-json\/wp\/v2\/comments?post=332"}],"version-history":[{"count":3,"href":"https:\/\/www.kompenzacni-pomucky-rieger.cz\/index.php\/wp-json\/wp\/v2\/posts\/332\/revisions"}],"predecessor-version":[{"id":335,"href":"https:\/\/www.kompenzacni-pomucky-rieger.cz\/index.php\/wp-json\/wp\/v2\/posts\/332\/revisions\/335"}],"wp:attachment":[{"href":"https:\/\/www.kompenzacni-pomucky-rieger.cz\/index.php\/wp-json\/wp\/v2\/media?parent=332"}],"wp:term":[{"taxonomy":"category","embeddable":true,"href":"https:\/\/www.kompenzacni-pomucky-rieger.cz\/index.php\/wp-json\/wp\/v2\/categories?post=332"},{"taxonomy":"post_tag","embeddable":true,"href":"https:\/\/www.kompenzacni-pomucky-rieger.cz\/index.php\/wp-json\/wp\/v2\/tags?post=332"}],"curies":[{"name":"wp","href":"https:\/\/api.w.org\/{rel}","templated":true}]}}